{"id":1066,"date":"2026-03-03T11:41:21","date_gmt":"2026-03-03T10:41:21","guid":{"rendered":"https:\/\/cabberty.com\/blog\/?p=1066"},"modified":"2026-01-29T19:32:22","modified_gmt":"2026-01-29T18:32:22","slug":"cuanto-dura-bateria-bici-electrica","status":"publish","type":"post","link":"https:\/\/cabberty.com\/blog\/cuanto-dura-bateria-bici-electrica\/","title":{"rendered":"Cuanto dura la bater\u00eda de una bici el\u00e9ctrica"},"content":{"rendered":"\t\t<div data-elementor-type=\"wp-post\" data-elementor-id=\"1066\" class=\"elementor elementor-1066\" data-elementor-post-type=\"post\">\n\t\t\t\t<div class=\"elementor-element elementor-element-77b2cb95 e-flex e-con-boxed e-con e-parent\" data-id=\"77b2cb95\" data-element_type=\"container\" data-settings=\"{&quot;jet_parallax_layout_list&quot;:[]}\">\n\t\t\t\t\t<div class=\"e-con-inner\">\n\t\t\t\t<div class=\"elementor-element elementor-element-323b73f7 elementor-widget elementor-widget-text-editor\" data-id=\"323b73f7\" data-element_type=\"widget\" data-widget_type=\"text-editor.default\">\n\t\t\t\t<div class=\"elementor-widget-container\">\n\t\t\t\t\t\t\t\t\t<b>Cuanto dura la bater\u00eda de una bici el\u00e9ctrica <\/b>es la duda que m\u00e1s recibimos de quienes est\u00e1n a punto de dar el salto a la movilidad el\u00e9ctrica. La respuesta corta: <b>depende<\/b>. La larga (y la que te ayudar\u00e1 a elegir bien y a exprimir tu inversi\u00f3n) pasa por entender la diferencia entre autonom\u00eda por carga y vida \u00fatil de la bater\u00eda, adem\u00e1s de los factores que influyen en ambas.\t\t\t\t\t\t\t\t<\/div>\n\t\t\t\t<\/div>\n\t\t\t\t<div class=\"elementor-element elementor-element-b8d4a3a elementor-widget elementor-widget-heading\" data-id=\"b8d4a3a\" data-element_type=\"widget\" data-widget_type=\"heading.default\">\n\t\t\t\t<div class=\"elementor-widget-container\">\n\t\t\t\t\t<h3 class=\"elementor-heading-title elementor-size-default\">Autonom\u00eda vs. vida \u00fatil: no es lo mismo<\/h3>\t\t\t\t<\/div>\n\t\t\t\t<\/div>\n\t\t\t\t<div class=\"elementor-element elementor-element-d7d5a61 elementor-widget elementor-widget-text-editor\" data-id=\"d7d5a61\" data-element_type=\"widget\" data-widget_type=\"text-editor.default\">\n\t\t\t\t<div class=\"elementor-widget-container\">\n\t\t\t\t\t\t\t\t\t<ul><li><b>Autonom\u00eda por carga:<\/b> los kil\u00f3metros que puedes recorrer con una sola carga. Cambia seg\u00fan el recorrido, tu peso, el modo de asistencia, el viento\u2026<\/li><li><b>Vida \u00fatil:<\/b> los a\u00f1os o ciclos de carga que tu bater\u00eda puede ofrecer antes de perder una parte significativa de su capacidad. Las bater\u00edas de ion-litio de calidad suelen mantener un rendimiento notable entre 500 y 1.000 ciclos, lo que equivale, en uso real, a 3\u20135 a\u00f1os (o m\u00e1s si las cuidas bien).<\/li><\/ul>\t\t\t\t\t\t\t\t<\/div>\n\t\t\t\t<\/div>\n\t\t\t\t<div class=\"elementor-element elementor-element-331f06e elementor-widget elementor-widget-heading\" data-id=\"331f06e\" data-element_type=\"widget\" data-widget_type=\"heading.default\">\n\t\t\t\t<div class=\"elementor-widget-container\">\n\t\t\t\t\t<h3 class=\"elementor-heading-title elementor-size-default\">De qu\u00e9 depende la autonom\u00eda por carga<\/h3>\t\t\t\t<\/div>\n\t\t\t\t<\/div>\n\t\t\t\t<div class=\"elementor-element elementor-element-9b2f418 elementor-widget elementor-widget-text-editor\" data-id=\"9b2f418\" data-element_type=\"widget\" data-widget_type=\"text-editor.default\">\n\t\t\t\t<div class=\"elementor-widget-container\">\n\t\t\t\t\t\t\t\t\t<ol><li><b>Capacidad de la bater\u00eda (Wh)<br \/><\/b>Los Wh (vatios-hora) indican cu\u00e1nta energ\u00eda almacena la bater\u00eda. A mayor Wh, m\u00e1s autonom\u00eda potencial. Por ejemplo, 504 Wh suelen rendir m\u00e1s que 360 Wh, siempre con el mismo estilo de conducci\u00f3n.<\/li><li><b>Modo de asistencia y potencia demandada<br \/><\/b>Los modos altos \u201cgastan\u201d m\u00e1s. Si alternas niveles y aprovechas cadencias fluidas, ganar\u00e1s kil\u00f3metros.<\/li><li><b>Terreno y orograf\u00eda<br \/><\/b>Subidas, pistas t\u00e9cnicas o viento de cara incrementan el consumo. En llano, con firme liso, ahorrar\u00e1s bater\u00eda.<\/li><li><b>Peso total (ciclista + bici + equipaje)<br \/><\/b>Cuanto m\u00e1s peso, m\u00e1s energ\u00eda necesita el motor para moverte.<\/li><li><b>Cadencia y t\u00e9cnica de pedaleo<br \/><\/b>Mantener una cadencia c\u00f3moda y constante (sin tirones) es eficiente.<\/li><li><b>Presi\u00f3n y tipo de neum\u00e1tico<br \/><\/b>Ruedas con la presi\u00f3n adecuada reducen fricciones y consumos innecesarios.<\/li><li><b>Temperatura y clima<br \/><\/b>Fr\u00edo extremo y calor intenso afectan al rendimiento temporal de las celdas. Guarda y carga la bater\u00eda en interiores siempre que puedas.<\/li><li><b>Estado de la transmisi\u00f3n y mantenimiento<br \/><\/b>Una cadena bien lubricada, frenos sin rozamientos y un ajuste general correcto evitan p\u00e9rdidas de energ\u00eda.<\/li><\/ol>\t\t\t\t\t\t\t\t<\/div>\n\t\t\t\t<\/div>\n\t\t\t\t<div class=\"elementor-element elementor-element-65fa502 elementor-widget elementor-widget-heading\" data-id=\"65fa502\" data-element_type=\"widget\" data-widget_type=\"heading.default\">\n\t\t\t\t<div class=\"elementor-widget-container\">\n\t\t\t\t\t<h3 class=\"elementor-heading-title elementor-size-default\">Una regla r\u00e1pida para orientarte<\/h3>\t\t\t\t<\/div>\n\t\t\t\t<\/div>\n\t\t\t\t<div class=\"elementor-element elementor-element-3e6ef3e elementor-widget elementor-widget-text-editor\" data-id=\"3e6ef3e\" data-element_type=\"widget\" data-widget_type=\"text-editor.default\">\n\t\t\t\t<div class=\"elementor-widget-container\">\n\t\t\t\t\t\t\t\t\t<p>La autonom\u00eda aproximada se puede estimar as\u00ed:<br \/><b>Autonom\u00eda \u2248 Capacidad (Wh) \u00f7 Consumo medio (Wh\/km).<br \/><\/b>Si tu consumo medio es de 7\u201310 Wh\/km (t\u00edpico en uso urbano con terreno mixto), una bater\u00eda de <b>504 Wh puede darte 50\u201370 km con margen.<\/b> En rutas muy exigentes o con asistencia alta, el consumo sube y la autonom\u00eda baja.<\/p>\t\t\t\t\t\t\t\t<\/div>\n\t\t\t\t<\/div>\n\t\t\t\t<div class=\"elementor-element elementor-element-5b47139 elementor-widget elementor-widget-heading\" data-id=\"5b47139\" data-element_type=\"widget\" data-widget_type=\"heading.default\">\n\t\t\t\t<div class=\"elementor-widget-container\">\n\t\t\t\t\t<h2 class=\"elementor-heading-title elementor-size-default\">Cuanto dura la bater\u00eda de una bici el\u00e9ctrica a lo largo de su vida<\/h2>\t\t\t\t<\/div>\n\t\t\t\t<\/div>\n\t\t\t\t<div class=\"elementor-element elementor-element-d8e8234 elementor-widget elementor-widget-text-editor\" data-id=\"d8e8234\" data-element_type=\"widget\" data-widget_type=\"text-editor.default\">\n\t\t\t\t<div class=\"elementor-widget-container\">\n\t\t\t\t\t\t\t\t\tCon un uso normal, una bater\u00eda de ion-litio conserva m\u00e1s del 70\u201380 % de su capacidad tras varios cientos de ciclos completos. Eso significa que, pasado un tiempo, seguir\u00e1s rodando, pero con algo menos de autonom\u00eda que el primer d\u00eda. La clave para alargar esa vida \u00fatil es cuidar los h\u00e1bitos de carga y almacenamiento (te los detallamos justo abajo).\t\t\t\t\t\t\t\t<\/div>\n\t\t\t\t<\/div>\n\t\t\t\t<div class=\"elementor-element elementor-element-11b0f4d elementor-widget elementor-widget-text-editor\" data-id=\"11b0f4d\" data-element_type=\"widget\" data-widget_type=\"text-editor.default\">\n\t\t\t\t<div class=\"elementor-widget-container\">\n\t\t\t\t\t\t\t\t\t<p><strong>Consejo Cabberty<\/strong>: si haces desplazamientos diarios de 10\u201320 km, prioriza bater\u00edas de mayor capacidad (p. ej., 500\u2013700 Wh). Tendr\u00e1s margen suficiente para no apurar al 0 % y no cargar siempre al 100 %, pr\u00e1cticas que ayudan a preservar la bater\u00eda.<\/p>\t\t\t\t\t\t\t\t<\/div>\n\t\t\t\t<\/div>\n\t\t\t\t<div class=\"elementor-element elementor-element-4d47025 elementor-widget elementor-widget-heading\" data-id=\"4d47025\" data-element_type=\"widget\" data-widget_type=\"heading.default\">\n\t\t\t\t<div class=\"elementor-widget-container\">\n\t\t\t\t\t<h4 class=\"elementor-heading-title elementor-size-default\">C\u00f3mo alargar la vida y la autonom\u00eda de tu bater\u00eda<\/h4>\t\t\t\t<\/div>\n\t\t\t\t<\/div>\n\t\t\t\t<div class=\"elementor-element elementor-element-e7d4d8e elementor-widget elementor-widget-text-editor\" data-id=\"e7d4d8e\" data-element_type=\"widget\" data-widget_type=\"text-editor.default\">\n\t\t\t\t<div class=\"elementor-widget-container\">\n\t\t\t\t\t\t\t\t\tOpta por cargas parciales y mant\u00e9n la bater\u00eda entre el 20\u201380 % en el d\u00eda a d\u00eda: no hace falta llenarla al 100 % ni agotarla por completo; reserva la carga completa para salidas largas puntuales, pero evita que sea la norma. Protege la bater\u00eda del calor y del fr\u00edo extremos: no cargues al sol ni la guardes en un trastero muy caluroso; lo ideal es mantenerla en un ambiente seco y ventilado a 10\u201320 \u00b0C. Si no vas a usar la bici durante semanas, deja la bater\u00eda al 40\u201360 % y rev\u00edsala una vez al mes. Utiliza siempre el cargador oficial, calibrado para su voltaje y electr\u00f3nica, para prevenir sobrecargas y desbalances. No la limpies a presi\u00f3n: el agua puede penetrar y da\u00f1ar componentes; usa un pa\u00f1o h\u00famedo y cuidado. Y programa revisiones peri\u00f3dicas: una transmisi\u00f3n bien ajustada y frenos sin rozamientos ahorran energ\u00eda y, en consecuencia, ciclos de carga a lo largo del a\u00f1o.\t\t\t\t\t\t\t\t<\/div>\n\t\t\t\t<\/div>\n\t\t\t\t<div class=\"elementor-element elementor-element-4a13230 elementor-widget elementor-widget-heading\" data-id=\"4a13230\" data-element_type=\"widget\" data-widget_type=\"heading.default\">\n\t\t\t\t<div class=\"elementor-widget-container\">\n\t\t\t\t\t<h4 class=\"elementor-heading-title elementor-size-default\">Autonom\u00edas orientativas por capacidad<\/h4>\t\t\t\t<\/div>\n\t\t\t\t<\/div>\n\t\t\t\t<div class=\"elementor-element elementor-element-9216048 elementor-widget elementor-widget-text-editor\" data-id=\"9216048\" data-element_type=\"widget\" data-widget_type=\"text-editor.default\">\n\t\t\t\t<div class=\"elementor-widget-container\">\n\t\t\t\t\t\t\t\t\tRecuerda: son rangos en condiciones reales, no cifras absolutas. Tu terreno, peso y modo de asistencia cuentan.\t\t\t\t\t\t\t\t<\/div>\n\t\t\t\t<\/div>\n\t\t\t\t<div class=\"elementor-element elementor-element-92b7422 elementor-widget elementor-widget-text-editor\" data-id=\"92b7422\" data-element_type=\"widget\" data-widget_type=\"text-editor.default\">\n\t\t\t\t<div class=\"elementor-widget-container\">\n\t\t\t\t\t\t\t\t\t<ul><li><b>360 Wh (p. ej., 36 V \u00b7 10 Ah): ~40\u201370 km en ciudad y mixto, ~25\u201350 km si hay desnivel y asistencia media-alta.<\/b><\/li><li><b>504 Wh (p. ej., 36 V \u00b7 14 Ah):<\/b> ~<b>60\u2013100 km urbano\/mixto, ~40\u201380 km en rutas con subidas.<\/b><\/li><li><b>625\u2013672 Wh (p. ej., 36 V \u00b7 17,5 Ah o 48 V \u00b7 14 Ah)<\/b>: <b>~80\u2013120 km urbano\/mixto, ~60\u2013100 km con desniveles y ritmos alegres.<\/b><\/li><\/ul><p>Si te gusta monta\u00f1a con modos altos o haces desplazamientos largos diarios, una bater\u00eda de 600+ Wh aporta tranquilidad y menos cargas semanales.<\/p>\t\t\t\t\t\t\t\t<\/div>\n\t\t\t\t<\/div>\n\t\t\t\t<div class=\"elementor-element elementor-element-7781063 elementor-widget elementor-widget-heading\" data-id=\"7781063\" data-element_type=\"widget\" data-widget_type=\"heading.default\">\n\t\t\t\t<div class=\"elementor-widget-container\">\n\t\t\t\t\t<h4 class=\"elementor-heading-title elementor-size-default\">Preguntas r\u00e1pidas<\/h4>\t\t\t\t<\/div>\n\t\t\t\t<\/div>\n\t\t\t\t<div class=\"elementor-element elementor-element-3d8a0b9 elementor-widget elementor-widget-accordion\" data-id=\"3d8a0b9\" data-element_type=\"widget\" data-widget_type=\"accordion.default\">\n\t\t\t\t<div class=\"elementor-widget-container\">\n\t\t\t\t\t\t\t<div class=\"elementor-accordion\">\n\t\t\t\t\t\t\t<div class=\"elementor-accordion-item\">\n\t\t\t\t\t<div id=\"elementor-tab-title-6451\" class=\"elementor-tab-title\" data-tab=\"1\" role=\"button\" aria-controls=\"elementor-tab-content-6451\" aria-expanded=\"false\">\n\t\t\t\t\t\t\t\t\t\t\t\t\t<span class=\"elementor-accordion-icon elementor-accordion-icon-left\" aria-hidden=\"true\">\n\t\t\t\t\t\t\t\t\t\t\t\t\t\t\t<span class=\"elementor-accordion-icon-closed\"><svg class=\"e-font-icon-svg e-fas-angle-right\" viewBox=\"0 0 256 512\" xmlns=\"http:\/\/www.w3.org\/2000\/svg\"><path d=\"M224.3 273l-136 136c-9.4 9.4-24.6 9.4-33.9 0l-22.6-22.6c-9.4-9.4-9.4-24.6 0-33.9l96.4-96.4-96.4-96.4c-9.4-9.4-9.4-24.6 0-33.9L54.3 103c9.4-9.4 24.6-9.4 33.9 0l136 136c9.5 9.4 9.5 24.6.1 34z\"><\/path><\/svg><\/span>\n\t\t\t\t\t\t\t\t<span class=\"elementor-accordion-icon-opened\"><svg class=\"e-font-icon-svg e-fas-angle-down\" viewBox=\"0 0 320 512\" xmlns=\"http:\/\/www.w3.org\/2000\/svg\"><path d=\"M143 352.3L7 216.3c-9.4-9.4-9.4-24.6 0-33.9l22.6-22.6c9.4-9.4 24.6-9.4 33.9 0l96.4 96.4 96.4-96.4c9.4-9.4 24.6-9.4 33.9 0l22.6 22.6c9.4 9.4 9.4 24.6 0 33.9l-136 136c-9.2 9.4-24.4 9.4-33.8 0z\"><\/path><\/svg><\/span>\n\t\t\t\t\t\t\t\t\t\t\t\t\t\t<\/span>\n\t\t\t\t\t\t\t\t\t\t\t\t<a class=\"elementor-accordion-title\" tabindex=\"0\">\u00bfCu\u00e1nto tarda en cargarse?<\/a>\n\t\t\t\t\t<\/div>\n\t\t\t\t\t<div id=\"elementor-tab-content-6451\" class=\"elementor-tab-content elementor-clearfix\" data-tab=\"1\" role=\"region\" aria-labelledby=\"elementor-tab-title-6451\">Entre 3 y 6 horas, seg\u00fan capacidad y cargador (2 A, 3 A, 4 A\u2026). Cargar del 20 % al 80 % suele ser algo m\u00e1s r\u00e1pido que un ciclo completo.<\/div>\n\t\t\t\t<\/div>\n\t\t\t\t\t\t\t<div class=\"elementor-accordion-item\">\n\t\t\t\t\t<div id=\"elementor-tab-title-6452\" class=\"elementor-tab-title\" data-tab=\"2\" role=\"button\" aria-controls=\"elementor-tab-content-6452\" aria-expanded=\"false\">\n\t\t\t\t\t\t\t\t\t\t\t\t\t<span class=\"elementor-accordion-icon elementor-accordion-icon-left\" aria-hidden=\"true\">\n\t\t\t\t\t\t\t\t\t\t\t\t\t\t\t<span class=\"elementor-accordion-icon-closed\"><svg class=\"e-font-icon-svg e-fas-angle-right\" viewBox=\"0 0 256 512\" xmlns=\"http:\/\/www.w3.org\/2000\/svg\"><path d=\"M224.3 273l-136 136c-9.4 9.4-24.6 9.4-33.9 0l-22.6-22.6c-9.4-9.4-9.4-24.6 0-33.9l96.4-96.4-96.4-96.4c-9.4-9.4-9.4-24.6 0-33.9L54.3 103c9.4-9.4 24.6-9.4 33.9 0l136 136c9.5 9.4 9.5 24.6.1 34z\"><\/path><\/svg><\/span>\n\t\t\t\t\t\t\t\t<span class=\"elementor-accordion-icon-opened\"><svg class=\"e-font-icon-svg e-fas-angle-down\" viewBox=\"0 0 320 512\" xmlns=\"http:\/\/www.w3.org\/2000\/svg\"><path d=\"M143 352.3L7 216.3c-9.4-9.4-9.4-24.6 0-33.9l22.6-22.6c9.4-9.4 24.6-9.4 33.9 0l96.4 96.4 96.4-96.4c9.4-9.4 24.6-9.4 33.9 0l22.6 22.6c9.4 9.4 9.4 24.6 0 33.9l-136 136c-9.2 9.4-24.4 9.4-33.8 0z\"><\/path><\/svg><\/span>\n\t\t\t\t\t\t\t\t\t\t\t\t\t\t<\/span>\n\t\t\t\t\t\t\t\t\t\t\t\t<a class=\"elementor-accordion-title\" tabindex=\"0\">\u00bfPuedo pedalear sin bater\u00eda o con ella agotada?<\/a>\n\t\t\t\t\t<\/div>\n\t\t\t\t\t<div id=\"elementor-tab-content-6452\" class=\"elementor-tab-content elementor-clearfix\" data-tab=\"2\" role=\"region\" aria-labelledby=\"elementor-tab-title-6452\">S\u00ed. La bici funcionar\u00e1 como una convencional, pero notar\u00e1s el peso extra del conjunto motor\/bater\u00eda.<\/div>\n\t\t\t\t<\/div>\n\t\t\t\t\t\t\t<div class=\"elementor-accordion-item\">\n\t\t\t\t\t<div id=\"elementor-tab-title-6453\" class=\"elementor-tab-title\" data-tab=\"3\" role=\"button\" aria-controls=\"elementor-tab-content-6453\" aria-expanded=\"false\">\n\t\t\t\t\t\t\t\t\t\t\t\t\t<span class=\"elementor-accordion-icon elementor-accordion-icon-left\" aria-hidden=\"true\">\n\t\t\t\t\t\t\t\t\t\t\t\t\t\t\t<span class=\"elementor-accordion-icon-closed\"><svg class=\"e-font-icon-svg e-fas-angle-right\" viewBox=\"0 0 256 512\" xmlns=\"http:\/\/www.w3.org\/2000\/svg\"><path d=\"M224.3 273l-136 136c-9.4 9.4-24.6 9.4-33.9 0l-22.6-22.6c-9.4-9.4-9.4-24.6 0-33.9l96.4-96.4-96.4-96.4c-9.4-9.4-9.4-24.6 0-33.9L54.3 103c9.4-9.4 24.6-9.4 33.9 0l136 136c9.5 9.4 9.5 24.6.1 34z\"><\/path><\/svg><\/span>\n\t\t\t\t\t\t\t\t<span class=\"elementor-accordion-icon-opened\"><svg class=\"e-font-icon-svg e-fas-angle-down\" viewBox=\"0 0 320 512\" xmlns=\"http:\/\/www.w3.org\/2000\/svg\"><path d=\"M143 352.3L7 216.3c-9.4-9.4-9.4-24.6 0-33.9l22.6-22.6c9.4-9.4 24.6-9.4 33.9 0l96.4 96.4 96.4-96.4c9.4-9.4 24.6-9.4 33.9 0l22.6 22.6c9.4 9.4 9.4 24.6 0 33.9l-136 136c-9.2 9.4-24.4 9.4-33.8 0z\"><\/path><\/svg><\/span>\n\t\t\t\t\t\t\t\t\t\t\t\t\t\t<\/span>\n\t\t\t\t\t\t\t\t\t\t\t\t<a class=\"elementor-accordion-title\" tabindex=\"0\">\u00bfLa lluvia estropea la bater\u00eda?<\/a>\n\t\t\t\t\t<\/div>\n\t\t\t\t\t<div id=\"elementor-tab-content-6453\" class=\"elementor-tab-content elementor-clearfix\" data-tab=\"3\" role=\"region\" aria-labelledby=\"elementor-tab-title-6453\">Las e-bikes est\u00e1n preparadas para salpicaduras y lluvia moderada, pero evita sumergirla o limpiar a presi\u00f3n. Seca conectores y contactos tras rodar en mojado.<\/div>\n\t\t\t\t<\/div>\n\t\t\t\t\t\t\t<div class=\"elementor-accordion-item\">\n\t\t\t\t\t<div id=\"elementor-tab-title-6454\" class=\"elementor-tab-title\" data-tab=\"4\" role=\"button\" aria-controls=\"elementor-tab-content-6454\" aria-expanded=\"false\">\n\t\t\t\t\t\t\t\t\t\t\t\t\t<span class=\"elementor-accordion-icon elementor-accordion-icon-left\" aria-hidden=\"true\">\n\t\t\t\t\t\t\t\t\t\t\t\t\t\t\t<span class=\"elementor-accordion-icon-closed\"><svg class=\"e-font-icon-svg e-fas-angle-right\" viewBox=\"0 0 256 512\" xmlns=\"http:\/\/www.w3.org\/2000\/svg\"><path d=\"M224.3 273l-136 136c-9.4 9.4-24.6 9.4-33.9 0l-22.6-22.6c-9.4-9.4-9.4-24.6 0-33.9l96.4-96.4-96.4-96.4c-9.4-9.4-9.4-24.6 0-33.9L54.3 103c9.4-9.4 24.6-9.4 33.9 0l136 136c9.5 9.4 9.5 24.6.1 34z\"><\/path><\/svg><\/span>\n\t\t\t\t\t\t\t\t<span class=\"elementor-accordion-icon-opened\"><svg class=\"e-font-icon-svg e-fas-angle-down\" viewBox=\"0 0 320 512\" xmlns=\"http:\/\/www.w3.org\/2000\/svg\"><path d=\"M143 352.3L7 216.3c-9.4-9.4-9.4-24.6 0-33.9l22.6-22.6c9.4-9.4 24.6-9.4 33.9 0l96.4 96.4 96.4-96.4c9.4-9.4 24.6-9.4 33.9 0l22.6 22.6c9.4 9.4 9.4 24.6 0 33.9l-136 136c-9.2 9.4-24.4 9.4-33.8 0z\"><\/path><\/svg><\/span>\n\t\t\t\t\t\t\t\t\t\t\t\t\t\t<\/span>\n\t\t\t\t\t\t\t\t\t\t\t\t<a class=\"elementor-accordion-title\" tabindex=\"0\">\u00bfCu\u00e1ndo conviene cambiarla?<\/a>\n\t\t\t\t\t<\/div>\n\t\t\t\t\t<div id=\"elementor-tab-content-6454\" class=\"elementor-tab-content elementor-clearfix\" data-tab=\"4\" role=\"region\" aria-labelledby=\"elementor-tab-title-6454\">Si notas que la autonom\u00eda \u00fatil ha ca\u00eddo por debajo de tus necesidades (por ejemplo, del 60\u201370 % del inicio) y ya no te cubre las rutas habituales, es momento de evaluar reemplazo.<\/div>\n\t\t\t\t<\/div>\n\t\t\t\t\t\t\t\t<\/div>\n\t\t\t\t\t\t<\/div>\n\t\t\t\t<\/div>\n\t\t\t\t<div class=\"elementor-element elementor-element-518f9fb elementor-widget elementor-widget-heading\" data-id=\"518f9fb\" data-element_type=\"widget\" data-widget_type=\"heading.default\">\n\t\t\t\t<div class=\"elementor-widget-container\">\n\t\t\t\t\t<h4 class=\"elementor-heading-title elementor-size-default\">La Propuesta de Cabberty: Rendimiento y Confianza<\/h4>\t\t\t\t<\/div>\n\t\t\t\t<\/div>\n\t\t\t\t<div class=\"elementor-element elementor-element-3f1e622 elementor-widget elementor-widget-text-editor\" data-id=\"3f1e622\" data-element_type=\"widget\" data-widget_type=\"text-editor.default\">\n\t\t\t\t<div class=\"elementor-widget-container\">\n\t\t\t\t\t\t\t\t\t<p>En <b>Cabberty<\/b>, entendemos que la preocupaci\u00f3n sobre cu\u00e1nto dura la bater\u00eda de una bici el\u00e9ctrica es leg\u00edtima. Por eso, hemos elegido componentes de la m\u00e1s alta calidad, priorizando la durabilidad y la autonom\u00eda.<\/p><p>Nuestra selecci\u00f3n de<a href=\"https:\/\/cabberty.com\/bicicleta-electrica\"> <b>bicicletas el\u00e9ctricas<\/b><\/a>, est\u00e1n equipadas con bater\u00edas de litio de \u00faltima generaci\u00f3n, ofreciendo una excelente relaci\u00f3n entre capacidad y eficiencia, lo que se traduce en:<\/p><ul><li><b>Autonom\u00edas competitivas<\/b>: Dependiendo del modelo y el nivel de asistencia, nuestras bicicletas est\u00e1n dise\u00f1adas para afrontar tanto el trayecto urbano diario como excursiones de fin de semana.<\/li><li><b>Integraci\u00f3n y protecci\u00f3n<\/b>: Las bater\u00edas est\u00e1n a menudo integradas o semi-integradas en el cuadro, protegi\u00e9ndolas de golpes y las inclemencias del tiempo, lo que contribuye a su longevidad.<\/li><li><b>Soporte postventa<\/b>: Te ofrecemos todo el conocimiento y los cargadores de calidad que necesitas para asegurar la m\u00e1xima vida \u00fatil de tu inversi\u00f3n.<\/li><\/ul>\t\t\t\t\t\t\t\t<\/div>\n\t\t\t\t<\/div>\n\t\t\t\t\t<\/div>\n\t\t\t\t<\/div>\n\t\t\t\t<\/div>\n\t\t","protected":false},"excerpt":{"rendered":"<p>Cuanto dura la bater\u00eda de una bici el\u00e9ctrica es la duda que m\u00e1s recibimos de quienes est\u00e1n a punto de [&hellip;]<\/p>\n","protected":false},"author":4,"featured_media":1074,"comment_status":"closed","ping_status":"open","sticky":false,"template":"","format":"standard","meta":{"site-sidebar-layout":"default","site-content-layout":"","ast-site-content-layout":"default","site-content-style":"default","site-sidebar-style":"default","ast-global-header-display":"","ast-banner-title-visibility":"","ast-main-header-display":"","ast-hfb-above-header-display":"","ast-hfb-below-header-display":"","ast-hfb-mobile-header-display":"","site-post-title":"","ast-breadcrumbs-content":"","ast-featured-img":"","footer-sml-layout":"","theme-transparent-header-meta":"default","adv-header-id-meta":"","stick-header-meta":"","header-above-stick-meta":"","header-main-stick-meta":"","header-below-stick-meta":"","astra-migrate-meta-layouts":"set","ast-page-background-enabled":"default","ast-page-background-meta":{"desktop":{"background-color":"var(--ast-global-color-4)","background-image":"","background-repeat":"repeat","background-position":"center center","background-size":"auto","background-attachment":"scroll","background-type":"","background-media":"","overlay-type":"","overlay-color":"","overlay-opacity":"","overlay-gradient":""},"tablet":{"background-color":"","background-image":"","background-repeat":"repeat","background-position":"center center","background-size":"auto","background-attachment":"scroll","background-type":"","background-media":"","overlay-type":"","overlay-color":"","overlay-opacity":"","overlay-gradient":""},"mobile":{"background-color":"","background-image":"","background-repeat":"repeat","background-position":"center center","background-size":"auto","background-attachment":"scroll","background-type":"","background-media":"","overlay-type":"","overlay-color":"","overlay-opacity":"","overlay-gradient":""}},"ast-content-background-meta":{"desktop":{"background-color":"var(--ast-global-color-5)","background-image":"","background-repeat":"repeat","background-position":"center center","background-size":"auto","background-attachment":"scroll","background-type":"","background-media":"","overlay-type":"","overlay-color":"","overlay-opacity":"","overlay-gradient":""},"tablet":{"background-color":"var(--ast-global-color-5)","background-image":"","background-repeat":"repeat","background-position":"center center","background-size":"auto","background-attachment":"scroll","background-type":"","background-media":"","overlay-type":"","overlay-color":"","overlay-opacity":"","overlay-gradient":""},"mobile":{"background-color":"var(--ast-global-color-5)","background-image":"","background-repeat":"repeat","background-position":"center center","background-size":"auto","background-attachment":"scroll","background-type":"","background-media":"","overlay-type":"","overlay-color":"","overlay-opacity":"","overlay-gradient":""}},"footnotes":""},"categories":[22,6,43,15],"tags":[],"class_list":["post-1066","post","type-post","status-publish","format-standard","has-post-thumbnail","hentry","category-bicicleta-electrica","category-blog","category-comparativa","category-consejos"],"yoast_head":"<!-- This site is optimized with the Yoast SEO plugin v26.4 - https:\/\/yoast.com\/wordpress\/plugins\/seo\/ -->\n<title>Cu\u00e1nto dura la bater\u00eda de una bici el\u00e9ctrica<\/title>\n<meta name=\"description\" content=\"Cu\u00e1nto dura la bater\u00eda de una bici el\u00e9ctrica es la duda que m\u00e1s recibimos de quienes est\u00e1n a punto de dar el salto a la movilidad el\u00e9ctrica.\" \/>\n<meta name=\"robots\" content=\"index, follow, max-snippet:-1, max-image-preview:large, max-video-preview:-1\" \/>\n<link rel=\"canonical\" href=\"https:\/\/cabberty.com\/blog\/cuanto-dura-bateria-bici-electrica\/\" \/>\n<meta property=\"og:locale\" content=\"es_ES\" \/>\n<meta property=\"og:type\" content=\"article\" \/>\n<meta property=\"og:title\" content=\"Cu\u00e1nto dura la bater\u00eda de una bici el\u00e9ctrica\" \/>\n<meta property=\"og:description\" content=\"Cu\u00e1nto dura la bater\u00eda de una bici el\u00e9ctrica es la duda que m\u00e1s recibimos de quienes est\u00e1n a punto de dar el salto a la movilidad el\u00e9ctrica.\" \/>\n<meta property=\"og:url\" content=\"https:\/\/cabberty.com\/blog\/cuanto-dura-bateria-bici-electrica\/\" \/>\n<meta property=\"og:site_name\" content=\"Cabberty Blog\" \/>\n<meta property=\"article:published_time\" content=\"2026-03-03T10:41:21+00:00\" \/>\n<meta property=\"og:image\" content=\"https:\/\/cabberty.com\/blog\/wp-content\/uploads\/2026\/03\/cuanto-dura-bateria-bici-electrica.jpg\" \/>\n\t<meta property=\"og:image:width\" content=\"1900\" \/>\n\t<meta property=\"og:image:height\" content=\"590\" \/>\n\t<meta property=\"og:image:type\" content=\"image\/jpeg\" \/>\n<meta name=\"author\" content=\"marketing\" \/>\n<meta name=\"twitter:card\" content=\"summary_large_image\" \/>\n<meta name=\"twitter:label1\" content=\"Escrito por\" \/>\n\t<meta name=\"twitter:data1\" content=\"marketing\" \/>\n\t<meta name=\"twitter:label2\" content=\"Tiempo de lectura\" \/>\n\t<meta name=\"twitter:data2\" content=\"6 minutos\" \/>\n<script type=\"application\/ld+json\" class=\"yoast-schema-graph\">{\"@context\":\"https:\/\/schema.org\",\"@graph\":[{\"@type\":\"Article\",\"@id\":\"https:\/\/cabberty.com\/blog\/cuanto-dura-bateria-bici-electrica\/#article\",\"isPartOf\":{\"@id\":\"https:\/\/cabberty.com\/blog\/cuanto-dura-bateria-bici-electrica\/\"},\"author\":{\"name\":\"marketing\",\"@id\":\"https:\/\/cabberty.com\/blog\/#\/schema\/person\/0ce13c6385e6406ec269503fb276c417\"},\"headline\":\"Cuanto dura la bater\u00eda de una bici el\u00e9ctrica\",\"datePublished\":\"2026-03-03T10:41:21+00:00\",\"mainEntityOfPage\":{\"@id\":\"https:\/\/cabberty.com\/blog\/cuanto-dura-bateria-bici-electrica\/\"},\"wordCount\":1134,\"publisher\":{\"@id\":\"https:\/\/cabberty.com\/blog\/#organization\"},\"image\":{\"@id\":\"https:\/\/cabberty.com\/blog\/cuanto-dura-bateria-bici-electrica\/#primaryimage\"},\"thumbnailUrl\":\"https:\/\/cabberty.com\/blog\/wp-content\/uploads\/2026\/03\/cuanto-dura-bateria-bici-electrica.jpg\",\"articleSection\":[\"Bicicleta El\u00e9ctrica\",\"Blog\",\"Comparativa\",\"Consejos\"],\"inLanguage\":\"es\"},{\"@type\":\"WebPage\",\"@id\":\"https:\/\/cabberty.com\/blog\/cuanto-dura-bateria-bici-electrica\/\",\"url\":\"https:\/\/cabberty.com\/blog\/cuanto-dura-bateria-bici-electrica\/\",\"name\":\"Cu\u00e1nto dura la bater\u00eda de una bici el\u00e9ctrica\",\"isPartOf\":{\"@id\":\"https:\/\/cabberty.com\/blog\/#website\"},\"primaryImageOfPage\":{\"@id\":\"https:\/\/cabberty.com\/blog\/cuanto-dura-bateria-bici-electrica\/#primaryimage\"},\"image\":{\"@id\":\"https:\/\/cabberty.com\/blog\/cuanto-dura-bateria-bici-electrica\/#primaryimage\"},\"thumbnailUrl\":\"https:\/\/cabberty.com\/blog\/wp-content\/uploads\/2026\/03\/cuanto-dura-bateria-bici-electrica.jpg\",\"datePublished\":\"2026-03-03T10:41:21+00:00\",\"description\":\"Cu\u00e1nto dura la bater\u00eda de una bici el\u00e9ctrica es la duda que m\u00e1s recibimos de quienes est\u00e1n a punto de dar el salto a la movilidad el\u00e9ctrica.\",\"breadcrumb\":{\"@id\":\"https:\/\/cabberty.com\/blog\/cuanto-dura-bateria-bici-electrica\/#breadcrumb\"},\"inLanguage\":\"es\",\"potentialAction\":[{\"@type\":\"ReadAction\",\"target\":[\"https:\/\/cabberty.com\/blog\/cuanto-dura-bateria-bici-electrica\/\"]}]},{\"@type\":\"ImageObject\",\"inLanguage\":\"es\",\"@id\":\"https:\/\/cabberty.com\/blog\/cuanto-dura-bateria-bici-electrica\/#primaryimage\",\"url\":\"https:\/\/cabberty.com\/blog\/wp-content\/uploads\/2026\/03\/cuanto-dura-bateria-bici-electrica.jpg\",\"contentUrl\":\"https:\/\/cabberty.com\/blog\/wp-content\/uploads\/2026\/03\/cuanto-dura-bateria-bici-electrica.jpg\",\"width\":1900,\"height\":590,\"caption\":\"Cu\u00e1nto dura la bater\u00eda de una bici el\u00e9ctrica\"},{\"@type\":\"BreadcrumbList\",\"@id\":\"https:\/\/cabberty.com\/blog\/cuanto-dura-bateria-bici-electrica\/#breadcrumb\",\"itemListElement\":[{\"@type\":\"ListItem\",\"position\":1,\"name\":\"Portada\",\"item\":\"https:\/\/cabberty.com\/blog\/\"},{\"@type\":\"ListItem\",\"position\":2,\"name\":\"Cuanto dura la bater\u00eda de una bici el\u00e9ctrica\"}]},{\"@type\":\"WebSite\",\"@id\":\"https:\/\/cabberty.com\/blog\/#website\",\"url\":\"https:\/\/cabberty.com\/blog\/\",\"name\":\"Cabberty Blog\",\"description\":\"\",\"publisher\":{\"@id\":\"https:\/\/cabberty.com\/blog\/#organization\"},\"potentialAction\":[{\"@type\":\"SearchAction\",\"target\":{\"@type\":\"EntryPoint\",\"urlTemplate\":\"https:\/\/cabberty.com\/blog\/?s={search_term_string}\"},\"query-input\":{\"@type\":\"PropertyValueSpecification\",\"valueRequired\":true,\"valueName\":\"search_term_string\"}}],\"inLanguage\":\"es\"},{\"@type\":\"Organization\",\"@id\":\"https:\/\/cabberty.com\/blog\/#organization\",\"name\":\"Cabberty Blog\",\"url\":\"https:\/\/cabberty.com\/blog\/\",\"logo\":{\"@type\":\"ImageObject\",\"inLanguage\":\"es\",\"@id\":\"https:\/\/cabberty.com\/blog\/#\/schema\/logo\/image\/\",\"url\":\"https:\/\/cabberty.com\/blog\/wp-content\/uploads\/2024\/02\/Logotipo-Cabberty.svg\",\"contentUrl\":\"https:\/\/cabberty.com\/blog\/wp-content\/uploads\/2024\/02\/Logotipo-Cabberty.svg\",\"width\":100,\"height\":100,\"caption\":\"Cabberty Blog\"},\"image\":{\"@id\":\"https:\/\/cabberty.com\/blog\/#\/schema\/logo\/image\/\"}},{\"@type\":\"Person\",\"@id\":\"https:\/\/cabberty.com\/blog\/#\/schema\/person\/0ce13c6385e6406ec269503fb276c417\",\"name\":\"marketing\",\"image\":{\"@type\":\"ImageObject\",\"inLanguage\":\"es\",\"@id\":\"https:\/\/cabberty.com\/blog\/#\/schema\/person\/image\/\",\"url\":\"https:\/\/secure.gravatar.com\/avatar\/a5582ac4d517d77171570f6e245f38c63cdc3ceeb1b2751e2e52ae867b5497ca?s=96&d=mm&r=g\",\"contentUrl\":\"https:\/\/secure.gravatar.com\/avatar\/a5582ac4d517d77171570f6e245f38c63cdc3ceeb1b2751e2e52ae867b5497ca?s=96&d=mm&r=g\",\"caption\":\"marketing\"}}]}<\/script>\n<!-- \/ Yoast SEO plugin. -->","yoast_head_json":{"title":"Cu\u00e1nto dura la bater\u00eda de una bici el\u00e9ctrica","description":"Cu\u00e1nto dura la bater\u00eda de una bici el\u00e9ctrica es la duda que m\u00e1s recibimos de quienes est\u00e1n a punto de dar el salto a la movilidad el\u00e9ctrica.","robots":{"index":"index","follow":"follow","max-snippet":"max-snippet:-1","max-image-preview":"max-image-preview:large","max-video-preview":"max-video-preview:-1"},"canonical":"https:\/\/cabberty.com\/blog\/cuanto-dura-bateria-bici-electrica\/","og_locale":"es_ES","og_type":"article","og_title":"Cu\u00e1nto dura la bater\u00eda de una bici el\u00e9ctrica","og_description":"Cu\u00e1nto dura la bater\u00eda de una bici el\u00e9ctrica es la duda que m\u00e1s recibimos de quienes est\u00e1n a punto de dar el salto a la movilidad el\u00e9ctrica.","og_url":"https:\/\/cabberty.com\/blog\/cuanto-dura-bateria-bici-electrica\/","og_site_name":"Cabberty Blog","article_published_time":"2026-03-03T10:41:21+00:00","og_image":[{"width":1900,"height":590,"url":"https:\/\/cabberty.com\/blog\/wp-content\/uploads\/2026\/03\/cuanto-dura-bateria-bici-electrica.jpg","type":"image\/jpeg"}],"author":"marketing","twitter_card":"summary_large_image","twitter_misc":{"Escrito por":"marketing","Tiempo de lectura":"6 minutos"},"schema":{"@context":"https:\/\/schema.org","@graph":[{"@type":"Article","@id":"https:\/\/cabberty.com\/blog\/cuanto-dura-bateria-bici-electrica\/#article","isPartOf":{"@id":"https:\/\/cabberty.com\/blog\/cuanto-dura-bateria-bici-electrica\/"},"author":{"name":"marketing","@id":"https:\/\/cabberty.com\/blog\/#\/schema\/person\/0ce13c6385e6406ec269503fb276c417"},"headline":"Cuanto dura la bater\u00eda de una bici el\u00e9ctrica","datePublished":"2026-03-03T10:41:21+00:00","mainEntityOfPage":{"@id":"https:\/\/cabberty.com\/blog\/cuanto-dura-bateria-bici-electrica\/"},"wordCount":1134,"publisher":{"@id":"https:\/\/cabberty.com\/blog\/#organization"},"image":{"@id":"https:\/\/cabberty.com\/blog\/cuanto-dura-bateria-bici-electrica\/#primaryimage"},"thumbnailUrl":"https:\/\/cabberty.com\/blog\/wp-content\/uploads\/2026\/03\/cuanto-dura-bateria-bici-electrica.jpg","articleSection":["Bicicleta El\u00e9ctrica","Blog","Comparativa","Consejos"],"inLanguage":"es"},{"@type":"WebPage","@id":"https:\/\/cabberty.com\/blog\/cuanto-dura-bateria-bici-electrica\/","url":"https:\/\/cabberty.com\/blog\/cuanto-dura-bateria-bici-electrica\/","name":"Cu\u00e1nto dura la bater\u00eda de una bici el\u00e9ctrica","isPartOf":{"@id":"https:\/\/cabberty.com\/blog\/#website"},"primaryImageOfPage":{"@id":"https:\/\/cabberty.com\/blog\/cuanto-dura-bateria-bici-electrica\/#primaryimage"},"image":{"@id":"https:\/\/cabberty.com\/blog\/cuanto-dura-bateria-bici-electrica\/#primaryimage"},"thumbnailUrl":"https:\/\/cabberty.com\/blog\/wp-content\/uploads\/2026\/03\/cuanto-dura-bateria-bici-electrica.jpg","datePublished":"2026-03-03T10:41:21+00:00","description":"Cu\u00e1nto dura la bater\u00eda de una bici el\u00e9ctrica es la duda que m\u00e1s recibimos de quienes est\u00e1n a punto de dar el salto a la movilidad el\u00e9ctrica.","breadcrumb":{"@id":"https:\/\/cabberty.com\/blog\/cuanto-dura-bateria-bici-electrica\/#breadcrumb"},"inLanguage":"es","potentialAction":[{"@type":"ReadAction","target":["https:\/\/cabberty.com\/blog\/cuanto-dura-bateria-bici-electrica\/"]}]},{"@type":"ImageObject","inLanguage":"es","@id":"https:\/\/cabberty.com\/blog\/cuanto-dura-bateria-bici-electrica\/#primaryimage","url":"https:\/\/cabberty.com\/blog\/wp-content\/uploads\/2026\/03\/cuanto-dura-bateria-bici-electrica.jpg","contentUrl":"https:\/\/cabberty.com\/blog\/wp-content\/uploads\/2026\/03\/cuanto-dura-bateria-bici-electrica.jpg","width":1900,"height":590,"caption":"Cu\u00e1nto dura la bater\u00eda de una bici el\u00e9ctrica"},{"@type":"BreadcrumbList","@id":"https:\/\/cabberty.com\/blog\/cuanto-dura-bateria-bici-electrica\/#breadcrumb","itemListElement":[{"@type":"ListItem","position":1,"name":"Portada","item":"https:\/\/cabberty.com\/blog\/"},{"@type":"ListItem","position":2,"name":"Cuanto dura la bater\u00eda de una bici el\u00e9ctrica"}]},{"@type":"WebSite","@id":"https:\/\/cabberty.com\/blog\/#website","url":"https:\/\/cabberty.com\/blog\/","name":"Cabberty Blog","description":"","publisher":{"@id":"https:\/\/cabberty.com\/blog\/#organization"},"potentialAction":[{"@type":"SearchAction","target":{"@type":"EntryPoint","urlTemplate":"https:\/\/cabberty.com\/blog\/?s={search_term_string}"},"query-input":{"@type":"PropertyValueSpecification","valueRequired":true,"valueName":"search_term_string"}}],"inLanguage":"es"},{"@type":"Organization","@id":"https:\/\/cabberty.com\/blog\/#organization","name":"Cabberty Blog","url":"https:\/\/cabberty.com\/blog\/","logo":{"@type":"ImageObject","inLanguage":"es","@id":"https:\/\/cabberty.com\/blog\/#\/schema\/logo\/image\/","url":"https:\/\/cabberty.com\/blog\/wp-content\/uploads\/2024\/02\/Logotipo-Cabberty.svg","contentUrl":"https:\/\/cabberty.com\/blog\/wp-content\/uploads\/2024\/02\/Logotipo-Cabberty.svg","width":100,"height":100,"caption":"Cabberty Blog"},"image":{"@id":"https:\/\/cabberty.com\/blog\/#\/schema\/logo\/image\/"}},{"@type":"Person","@id":"https:\/\/cabberty.com\/blog\/#\/schema\/person\/0ce13c6385e6406ec269503fb276c417","name":"marketing","image":{"@type":"ImageObject","inLanguage":"es","@id":"https:\/\/cabberty.com\/blog\/#\/schema\/person\/image\/","url":"https:\/\/secure.gravatar.com\/avatar\/a5582ac4d517d77171570f6e245f38c63cdc3ceeb1b2751e2e52ae867b5497ca?s=96&d=mm&r=g","contentUrl":"https:\/\/secure.gravatar.com\/avatar\/a5582ac4d517d77171570f6e245f38c63cdc3ceeb1b2751e2e52ae867b5497ca?s=96&d=mm&r=g","caption":"marketing"}}]}},"_links":{"self":[{"href":"https:\/\/cabberty.com\/blog\/wp-json\/wp\/v2\/posts\/1066","targetHints":{"allow":["GET"]}}],"collection":[{"href":"https:\/\/cabberty.com\/blog\/wp-json\/wp\/v2\/posts"}],"about":[{"href":"https:\/\/cabberty.com\/blog\/wp-json\/wp\/v2\/types\/post"}],"author":[{"embeddable":true,"href":"https:\/\/cabberty.com\/blog\/wp-json\/wp\/v2\/users\/4"}],"replies":[{"embeddable":true,"href":"https:\/\/cabberty.com\/blog\/wp-json\/wp\/v2\/comments?post=1066"}],"version-history":[{"count":7,"href":"https:\/\/cabberty.com\/blog\/wp-json\/wp\/v2\/posts\/1066\/revisions"}],"predecessor-version":[{"id":1073,"href":"https:\/\/cabberty.com\/blog\/wp-json\/wp\/v2\/posts\/1066\/revisions\/1073"}],"wp:featuredmedia":[{"embeddable":true,"href":"https:\/\/cabberty.com\/blog\/wp-json\/wp\/v2\/media\/1074"}],"wp:attachment":[{"href":"https:\/\/cabberty.com\/blog\/wp-json\/wp\/v2\/media?parent=1066"}],"wp:term":[{"taxonomy":"category","embeddable":true,"href":"https:\/\/cabberty.com\/blog\/wp-json\/wp\/v2\/categories?post=1066"},{"taxonomy":"post_tag","embeddable":true,"href":"https:\/\/cabberty.com\/blog\/wp-json\/wp\/v2\/tags?post=1066"}],"curies":[{"name":"wp","href":"https:\/\/api.w.org\/{rel}","templated":true}]}}